{"exhibit":{"title":"Nos intentions","description":"<p>L\u2019histoire de la protection du ch\u00e2teau de Versailles durant la Seconde Guerre mondiale est un sujet qui suscite un int\u00e9r\u00eat personnel et commun. D\u2019autant plus qu\u2019il reste encore m\u00e9connu malgr\u00e9 son caract\u00e8re exceptionnel. Notre volont\u00e9, avec cette exposition, est de mettre en lumi\u00e8re cette histoire et de la tourner du point de vue de la protection des collections et du patrimoine.<\/p>\r\n<p>Cette op\u00e9ration hors norme, men\u00e9e en un temps record, est pourtant bien document\u00e9e gr\u00e2ce aux archives et aux m\u00e9moires de Pierre Ladou\u00e9, qui relatent avec pr\u00e9cision les \u00e9v\u00e9nements. De nombreux colloques ont \u00e9galement permis d\u2019enrichir la connaissance de cet \u00e9pisode fascinant.<\/p>\r\n<p>L\u2019int\u00e9r\u00eat de ce sujet r\u00e9side aussi dans son caract\u00e8re profond\u00e9ment transversal : il touche \u00e0 l\u2019histoire, \u00e0 l\u2019histoire de l\u2019art, mais aussi \u00e0 l\u2019histoire politique et id\u00e9ologique du patrimoine. Aujourd\u2019hui, une exposition sur cette th\u00e9matique aurait tout son sens, en tant que rappel du r\u00f4le fondamental du patrimoine dans notre identit\u00e9 collective et de la n\u00e9cessit\u00e9 de le prot\u00e9ger.<\/p>\r\n<p>Cette r\u00e9flexion semble plus que jamais d\u2019actualit\u00e9, alors que de nombreux conflits actuels entra\u00eenent la destruction de tr\u00e9sors culturels. Il est aussi impressionnant de constater l\u2019\u00e9lan national qui s\u2019est form\u00e9 autour de la sauvegarde de Versailles, port\u00e9 par quelques hommes d\u00e9termin\u00e9s et d\u00e9vou\u00e9s. Cet engagement r\u00e9sonne fortement avec la mobilisation suscit\u00e9e par l\u2019incendie de Notre-Dame, ces deux \u00e9v\u00e9nements partageant une m\u00eame violence et une m\u00eame capacit\u00e9 \u00e0 provoquer une r\u00e9action imm\u00e9diate et solidaire.<\/p>\r\n<p>L\u2019incendie du 15 avril 2019 a \u00e9galement mis en avant la n\u00e9cessit\u00e9 pour les mus\u00e9es et monuments historiques de r\u00e9aliser un plan de sauvegarde des biens culturels (PSBC). Celui-ci consiste en une \u00e9valuation compl\u00e8te des risques de s\u00e9curit\u00e9 et de s\u00fbret\u00e9 auxquels le lieu pourrait faire face. Il \u00e9tablit \u00e9galement une liste des \u0153uvres \u00e0 \u00e9vacuer en priorit\u00e9 ainsi qu\u2019un plan d\u2019\u00e9vacuation : des mesures qui se placent dans la lign\u00e9e directe du plan de sauvegarde des collections nationales.<\/p>","credits":"","featured":0,"public":1,"theme":"thedaily","theme_options":"a:1:{s:8:\"thedaily\";a:18:{s:17:\"button_background\";s:7:\"#ffffff\";s:11:\"button_text\";s:7:\"#b0934b\";s:17:\"eb_nav_background\";s:7:\"#b0934b\";s:11:\"eb_nav_text\";s:7:\"#b0934b\";s:19:\"featured_background\";s:7:\"#b0934b\";s:13:\"featured_text\";s:7:\"#b0934b\";s:21:\"home_intro_background\";s:7:\"#b0934b\";s:15:\"home_intro_text\";s:7:\"#b0934b\";s:22:\"top_nav_highlight_text\";s:7:\"#ffffff\";s:4:\"logo\";N;s:12:\"header_image\";s:36:\"440ed5d4e7a80b78ba12a0b66d0c38b9.png\";s:16:\"header_image_alt\";s:0:\"\";s:22:\"homepage_text_position\";s:3:\"top\";s:11:\"footer_text\";s:0:\"\";s:24:\"display_footer_copyright\";s:1:\"0\";s:19:\"use_advanced_search\";s:1:\"0\";s:11:\"other_media\";s:1:\"1\";s:17:\"navigation_scroll\";s:1:\"1\";}}","slug":"nos-intentions","added":"2024-12-05 12:48:04","modified":"2025-03-03 18:56:18","owner_id":3,"use_summary_page":1,"cover_image_file_id":104,"id":1},"item":{"item_type_id":6,"collection_id":4,"featured":0,"public":1,"added":"2025-03-03 16:25:16","modified":"2025-03-03 16:29:17","owner_id":2,"id":117}}